{"id":113,"date":"2011-08-22T00:34:19","date_gmt":"2011-08-22T04:34:19","guid":{"rendered":"http:\/\/chumblin.gob.ec\/azuay\/?p=113"},"modified":"2016-05-06T12:45:18","modified_gmt":"2016-05-06T16:45:18","slug":"festividades","status":"publish","type":"post","link":"https:\/\/chumblin.gob.ec\/azuay\/festividades\/","title":{"rendered":"Festividades"},"content":{"rendered":"<p style=\"text-align: center;\"><b>Fiesta religiosa de la Virgen de la Natividad<\/b><\/p>\n<p style=\"text-align: center;\"><b><a href=\"http:\/\/chumblin.gob.ec\/azuay\/wp-content\/uploads\/2011\/08\/IMG_2292.jpg\"><img loading=\"lazy\" decoding=\"async\" class=\"alignnone wp-image-335 \" src=\"http:\/\/chumblin.gob.ec\/azuay\/wp-content\/uploads\/2011\/08\/IMG_2292-1024x576.jpg\" alt=\"IMG_2292\" width=\"697\" height=\"392\" data-id=\"335\" srcset=\"https:\/\/chumblin.gob.ec\/azuay\/wp-content\/uploads\/2011\/08\/IMG_2292.jpg 1024w, https:\/\/chumblin.gob.ec\/azuay\/wp-content\/uploads\/2011\/08\/IMG_2292-300x168.jpg 300w\" sizes=\"auto, (max-width: 697px) 100vw, 697px\" \/><\/a><\/b><\/p>\n<p style=\"text-align: justify;\">Lo que m\u00e1s resalta en la Parroquia Chumbl\u00edn es la fiesta en honor a la Virgen de la Natividad, la Misa y la gran procesi\u00f3n del d\u00eda 8 de septiembre que atrae a miles devotos, romeriantes, peregrinos de diferentes partes del Ecuador, con la programaci\u00f3n sociocultural y deportiva del 1 al 10 de septiembre.<\/p>\n<p style=\"text-align: justify;\">\n","protected":false},"excerpt":{"rendered":"<p>Fiesta religiosa de la Virgen de la Natividad Lo que m\u00e1s resalta en la Parroquia Chumbl\u00edn es la fiesta en honor a la Virgen de la Natividad, la Misa y la gran procesi\u00f3n del d\u00eda 8 de septiembre que atrae a miles devotos, romeriantes, peregrinos de diferentes partes del Ecuador, con la programaci\u00f3n sociocultural y [&hellip;]<\/p>\n","protected":false},"author":8,"featured_media":0,"comment_status":"closed","ping_status":"closed","sticky":false,"template":"","format":"standard","meta":{"footnotes":""},"categories":[1],"tags":[],"yst_prominent_words":[],"class_list":["post-113","post","type-post","status-publish","format-standard","hentry","category-sin-categoria"],"_links":{"self":[{"href":"https:\/\/chumblin.gob.ec\/azuay\/wp-json\/wp\/v2\/posts\/113","targetHints":{"allow":["GET"]}}],"collection":[{"href":"https:\/\/chumblin.gob.ec\/azuay\/wp-json\/wp\/v2\/posts"}],"about":[{"href":"https:\/\/chumblin.gob.ec\/azuay\/wp-json\/wp\/v2\/types\/post"}],"author":[{"embeddable":true,"href":"https:\/\/chumblin.gob.ec\/azuay\/wp-json\/wp\/v2\/users\/8"}],"replies":[{"embeddable":true,"href":"https:\/\/chumblin.gob.ec\/azuay\/wp-json\/wp\/v2\/comments?post=113"}],"version-history":[{"count":2,"href":"https:\/\/chumblin.gob.ec\/azuay\/wp-json\/wp\/v2\/posts\/113\/revisions"}],"predecessor-version":[{"id":336,"href":"https:\/\/chumblin.gob.ec\/azuay\/wp-json\/wp\/v2\/posts\/113\/revisions\/336"}],"wp:attachment":[{"href":"https:\/\/chumblin.gob.ec\/azuay\/wp-json\/wp\/v2\/media?parent=113"}],"wp:term":[{"taxonomy":"category","embeddable":true,"href":"https:\/\/chumblin.gob.ec\/azuay\/wp-json\/wp\/v2\/categories?post=113"},{"taxonomy":"post_tag","embeddable":true,"href":"https:\/\/chumblin.gob.ec\/azuay\/wp-json\/wp\/v2\/tags?post=113"},{"taxonomy":"yst_prominent_words","embeddable":true,"href":"https:\/\/chumblin.gob.ec\/azuay\/wp-json\/wp\/v2\/yst_prominent_words?post=113"}],"curies":[{"name":"wp","href":"https:\/\/api.w.org\/{rel}","templated":true}]}}